{"id":1248,"date":"2019-07-12T13:48:01","date_gmt":"2019-07-12T12:48:01","guid":{"rendered":"http:\/\/wierzba.pan.pl\/?p=1248"},"modified":"2019-09-26T07:53:35","modified_gmt":"2019-09-26T06:53:35","slug":"wierzbianskie-wakacje-w-obiektywie","status":"publish","type":"post","link":"https:\/\/wierzba.pan.pl\/?p=1248","title":{"rendered":"Wierzbia\u0144skie wakacje w obiektywie"},"content":{"rendered":"\n<h2 class=\"wp-block-heading\" style=\"text-align:center\">Wyniki konkursu fotograficznego <\/h2>\n\n\n\n<h3 class=\"wp-block-heading\" style=\"text-align:center\"><strong>&#8222;Wierzbia\u0144skie wakacje w obiektywie&#8221;<\/strong><\/h3>\n\n\n\n<p>Dzi\u0119kujemy za nades\u0142ane prace i  pokazanie swoich emocji , pasji , uczu\u0107  i przyjemno\u015bci zwi\u0105zanych z odpoczynkiem w Domu Pracy Tw\u00f3rczej w Wierzbie. <\/p>\n\n\n\n<p>Fotografie s\u0105 naprawd\u0119 zr\u00f3\u017cnicowane, ka\u017cdy odpoczywa na sw\u00f3j w\u0142asny spos\u00f3b i to jest w tym wszystkim wspania\u0142e . Niezwykle trudne jest te\u017c ocenienie prac i wyb\u00f3r jednej. <\/p>\n\n\n\n<p>Zmierzyli\u015bmy si\u0119 jednak z tym wyzwaniem i wybrali\u015bmy fotografi\u0119 , kt\u00f3rej autor otrzyma nagrod\u0119 w postaci :<\/p>\n\n\n\n<p style=\"background-color:#5fc466;text-align:center\" class=\"has-background\"><strong><em>POBYT SYLWESTROWY W DPT W WIERZBIE<\/em><\/strong><\/p>\n\n\n\n<p><\/p>\n\n\n\n<p style=\"text-align:center\">Nagroda g\u0142\u00f3wna trafia do Pana :<\/p>\n\n\n\n<h2 class=\"wp-block-heading\" style=\"text-align:center\">Roberta Miernika <\/h2>\n\n\n\n<p style=\"text-align:center\">za fotografi\u0119:<\/p>\n\n\n\n<div class=\"wp-block-image\"><figure class=\"aligncenter\"><img decoding=\"async\" src=\"http:\/\/wierzba.pan.pl\/wp-content\/uploads\/2019\/09\/robert-miernik2_wygrana.png\" alt=\"\" class=\"wp-image-1684\"\/><figcaption>I miejsce w konkursie fotograficznym &#8211; Robert Miernik<\/figcaption><\/figure><\/div>\n\n\n\n<p>Konkurs przebieg\u0142 zgodnie z regulaminem:<\/p>\n\n\n\n<div class=\"wp-block-file\"><a href=\"http:\/\/wierzba.pan.pl\/wp-content\/uploads\/2019\/07\/REGULAMIN-KONKURSU-FOTOGRAFICZNEGO.pdf\">REGULAMIN KONKURSU FOTOGRAFICZNEGO<\/a><a href=\"http:\/\/wierzba.pan.pl\/wp-content\/uploads\/2019\/07\/REGULAMIN-KONKURSU-FOTOGRAFICZNEGO.pdf\" class=\"wp-block-file__button\" download>Pobierz<\/a><\/div>\n\n\n\n<p>A oto pozosta\u0142e fotografie, kt\u00f3re wzi\u0119\u0142y udzia\u0142 w naszym wakacyjnym konkursie<\/p>\n\n\n\n<ul class=\"wp-block-gallery columns-3 is-cropped wp-block-gallery-1 is-layout-flex wp-block-gallery-is-layout-flex\"><li class=\"blocks-gallery-item\"><figure><img decoding=\"async\" src=\"http:\/\/wierzba.pan.pl\/wp-content\/uploads\/2019\/09\/Anna-Peczy\u0144ska-1024x512.jpg\" alt=\"\" data-id=\"1685\" data-link=\"http:\/\/wierzba.pan.pl\/?attachment_id=1685\" class=\"wp-image-1685\"\/><figcaption>cof<\/figcaption><\/figure><\/li><li class=\"blocks-gallery-item\"><figure><img decoding=\"async\" src=\"http:\/\/wierzba.pan.pl\/wp-content\/uploads\/2019\/09\/Dorota-Mrowinska-1024x768.jpg\" alt=\"\" data-id=\"1686\" data-link=\"http:\/\/wierzba.pan.pl\/?attachment_id=1686\" class=\"wp-image-1686\"\/><\/figure><\/li><li class=\"blocks-gallery-item\"><figure><img loading=\"lazy\" decoding=\"async\" width=\"729\" height=\"1024\" src=\"http:\/\/wierzba.pan.pl\/wp-content\/uploads\/2019\/09\/Dorota-Mrowinska1-729x1024.jpg\" alt=\"\" data-id=\"1687\" data-link=\"http:\/\/wierzba.pan.pl\/?attachment_id=1687\" class=\"wp-image-1687\" srcset=\"https:\/\/wierzba.pan.pl\/wp-content\/uploads\/2019\/09\/Dorota-Mrowinska1-729x1024.jpg 729w, https:\/\/wierzba.pan.pl\/wp-content\/uploads\/2019\/09\/Dorota-Mrowinska1-214x300.jpg 214w, https:\/\/wierzba.pan.pl\/wp-content\/uploads\/2019\/09\/Dorota-Mrowinska1-768x1078.jpg 768w, https:\/\/wierzba.pan.pl\/wp-content\/uploads\/2019\/09\/Dorota-Mrowinska1.jpg 1654w\" sizes=\"auto, (max-width: 729px) 100vw, 729px\" \/><\/figure><\/li><li class=\"blocks-gallery-item\"><figure><img decoding=\"async\" src=\"http:\/\/wierzba.pan.pl\/wp-content\/uploads\/2019\/09\/Dorota-Mrowinska2-767x1024.jpg\" alt=\"\" data-id=\"1688\" data-link=\"http:\/\/wierzba.pan.pl\/?attachment_id=1688\" class=\"wp-image-1688\"\/><\/figure><\/li><li class=\"blocks-gallery-item\"><figure><img decoding=\"async\" src=\"http:\/\/wierzba.pan.pl\/wp-content\/uploads\/2019\/09\/Karolina-Gosk-1024x768.jpg\" alt=\"\" data-id=\"1689\" data-link=\"http:\/\/wierzba.pan.pl\/?attachment_id=1689\" class=\"wp-image-1689\"\/><\/figure><\/li><li class=\"blocks-gallery-item\"><figure><img decoding=\"async\" src=\"http:\/\/wierzba.pan.pl\/wp-content\/uploads\/2019\/09\/Kinga-Nadolska-689x1024.jpeg\" alt=\"\" data-id=\"1690\" data-link=\"http:\/\/wierzba.pan.pl\/?attachment_id=1690\" class=\"wp-image-1690\"\/><\/figure><\/li><li class=\"blocks-gallery-item\"><figure><img decoding=\"async\" src=\"http:\/\/wierzba.pan.pl\/wp-content\/uploads\/2019\/09\/Maria-Wagner-1024x1024.jpg\" alt=\"\" data-id=\"1691\" data-link=\"http:\/\/wierzba.pan.pl\/?attachment_id=1691\" class=\"wp-image-1691\"\/><\/figure><\/li><li class=\"blocks-gallery-item\"><figure><img decoding=\"async\" src=\"http:\/\/wierzba.pan.pl\/wp-content\/uploads\/2019\/09\/Monika-Rybnik-768x1024.png\" alt=\"\" data-id=\"1692\" data-link=\"http:\/\/wierzba.pan.pl\/?attachment_id=1692\" class=\"wp-image-1692\"\/><\/figure><\/li><li class=\"blocks-gallery-item\"><figure><img decoding=\"async\" src=\"http:\/\/wierzba.pan.pl\/wp-content\/uploads\/2019\/09\/Monika-Rybnik1-1024x768.png\" alt=\"\" data-id=\"1693\" data-link=\"http:\/\/wierzba.pan.pl\/?attachment_id=1693\" class=\"wp-image-1693\"\/><\/figure><\/li><li class=\"blocks-gallery-item\"><figure><img decoding=\"async\" src=\"http:\/\/wierzba.pan.pl\/wp-content\/uploads\/2019\/09\/Monika-Rybnik2-1024x768.png\" alt=\"\" data-id=\"1694\" data-link=\"http:\/\/wierzba.pan.pl\/?attachment_id=1694\" class=\"wp-image-1694\"\/><\/figure><\/li><li class=\"blocks-gallery-item\"><figure><img decoding=\"async\" src=\"http:\/\/wierzba.pan.pl\/wp-content\/uploads\/2019\/09\/robert-miernik-1024x768.png\" alt=\"\" data-id=\"1695\" data-link=\"http:\/\/wierzba.pan.pl\/?attachment_id=1695\" class=\"wp-image-1695\"\/><\/figure><\/li><li class=\"blocks-gallery-item\"><figure><img loading=\"lazy\" decoding=\"async\" width=\"1024\" height=\"768\" src=\"http:\/\/wierzba.pan.pl\/wp-content\/uploads\/2019\/09\/robert-miernik1-1024x768.png\" alt=\"\" data-id=\"1696\" data-link=\"http:\/\/wierzba.pan.pl\/?attachment_id=1696\" class=\"wp-image-1696\" srcset=\"https:\/\/wierzba.pan.pl\/wp-content\/uploads\/2019\/09\/robert-miernik1-1024x768.png 1024w, https:\/\/wierzba.pan.pl\/wp-content\/uploads\/2019\/09\/robert-miernik1-300x225.png 300w, https:\/\/wierzba.pan.pl\/wp-content\/uploads\/2019\/09\/robert-miernik1-768x576.png 768w\" sizes=\"auto, (max-width: 1024px) 100vw, 1024px\" \/><\/figure><\/li><li class=\"blocks-gallery-item\"><figure><img loading=\"lazy\" decoding=\"async\" width=\"491\" height=\"654\" src=\"http:\/\/wierzba.pan.pl\/wp-content\/uploads\/2019\/09\/robert-miernik2_wygrana-1.png\" alt=\"\" data-id=\"1697\" data-link=\"http:\/\/wierzba.pan.pl\/?attachment_id=1697\" class=\"wp-image-1697\" srcset=\"https:\/\/wierzba.pan.pl\/wp-content\/uploads\/2019\/09\/robert-miernik2_wygrana-1.png 491w, https:\/\/wierzba.pan.pl\/wp-content\/uploads\/2019\/09\/robert-miernik2_wygrana-1-225x300.png 225w\" sizes=\"auto, (max-width: 491px) 100vw, 491px\" \/><\/figure><\/li><\/ul>\n","protected":false},"excerpt":{"rendered":"<p>Wyniki konkursu fotograficznego &#8222;Wierzbia\u0144skie wakacje w obiektywie&#8221; Dzi\u0119kujemy za nades\u0142ane prace i pokazanie swoich emocji , pasji , uczu\u0107 i przyjemno\u015bci zwi\u0105zanych z odpoczynkiem w Domu Pracy Tw\u00f3rczej w Wierzbie. Fotografie s\u0105 naprawd\u0119 zr\u00f3\u017cnicowane, ka\u017cdy odpoczywa na sw\u00f3j w\u0142asny spos\u00f3b i to jest w tym wszystkim wspania\u0142e . Niezwykle trudne [&hellip;]<\/p>\n","protected":false},"author":2,"featured_media":0,"comment_status":"open","ping_status":"open","sticky":false,"template":"","format":"standard","meta":{"inline_featured_image":false,"footnotes":""},"categories":[4],"tags":[],"class_list":["post-1248","post","type-post","status-publish","format-standard","hentry","category-aktualnosci"],"yoast_head":"<!-- This site is optimized with the Yoast SEO plugin v26.6 - https:\/\/yoast.com\/wordpress\/plugins\/seo\/ -->\n<title>Wierzbia\u0144skie wakacje w obiektywie - PAN Dom Pracy Tw\u00f3rczej w Wierzbie<\/title>\n<meta name=\"robots\" content=\"index, follow, max-snippet:-1, max-image-preview:large, max-video-preview:-1\" \/>\n<link rel=\"canonical\" href=\"https:\/\/wierzba.pan.pl\/?p=1248\" \/>\n<meta property=\"og:locale\" content=\"pl_PL\" \/>\n<meta property=\"og:type\" content=\"article\" \/>\n<meta property=\"og:title\" content=\"Wierzbia\u0144skie wakacje w obiektywie - PAN Dom Pracy Tw\u00f3rczej w Wierzbie\" \/>\n<meta property=\"og:description\" content=\"Wyniki konkursu fotograficznego &#8222;Wierzbia\u0144skie wakacje w obiektywie&#8221; Dzi\u0119kujemy za nades\u0142ane prace i pokazanie swoich emocji , pasji , uczu\u0107 i przyjemno\u015bci zwi\u0105zanych z odpoczynkiem w Domu Pracy Tw\u00f3rczej w Wierzbie. Fotografie s\u0105 naprawd\u0119 zr\u00f3\u017cnicowane, ka\u017cdy odpoczywa na sw\u00f3j w\u0142asny spos\u00f3b i to jest w tym wszystkim wspania\u0142e . Niezwykle trudne [&hellip;]\" \/>\n<meta property=\"og:url\" content=\"https:\/\/wierzba.pan.pl\/?p=1248\" \/>\n<meta property=\"og:site_name\" content=\"PAN Dom Pracy Tw\u00f3rczej w Wierzbie\" \/>\n<meta property=\"article:published_time\" content=\"2019-07-12T12:48:01+00:00\" \/>\n<meta property=\"article:modified_time\" content=\"2019-09-26T06:53:35+00:00\" \/>\n<meta property=\"og:image\" content=\"https:\/\/wierzba.pan.pl\/wp-content\/uploads\/2019\/07\/001.jpg\" \/>\n\t<meta property=\"og:image:width\" content=\"2160\" \/>\n\t<meta property=\"og:image:height\" content=\"1338\" \/>\n\t<meta property=\"og:image:type\" content=\"image\/jpeg\" \/>\n<meta name=\"author\" content=\"redaktor\" \/>\n<meta name=\"twitter:card\" content=\"summary_large_image\" \/>\n<meta name=\"twitter:label1\" content=\"Napisane przez\" \/>\n\t<meta name=\"twitter:data1\" content=\"redaktor\" \/>\n\t<meta name=\"twitter:label2\" content=\"Szacowany czas czytania\" \/>\n\t<meta name=\"twitter:data2\" content=\"1 minuta\" \/>\n<script type=\"application\/ld+json\" class=\"yoast-schema-graph\">{\"@context\":\"https:\/\/schema.org\",\"@graph\":[{\"@type\":\"WebPage\",\"@id\":\"https:\/\/wierzba.pan.pl\/?p=1248\",\"url\":\"https:\/\/wierzba.pan.pl\/?p=1248\",\"name\":\"Wierzbia\u0144skie wakacje w obiektywie - PAN Dom Pracy Tw\u00f3rczej w Wierzbie\",\"isPartOf\":{\"@id\":\"https:\/\/wierzba.pan.pl\/#website\"},\"primaryImageOfPage\":{\"@id\":\"https:\/\/wierzba.pan.pl\/?p=1248#primaryimage\"},\"image\":{\"@id\":\"https:\/\/wierzba.pan.pl\/?p=1248#primaryimage\"},\"thumbnailUrl\":\"http:\/\/wierzba.pan.pl\/wp-content\/uploads\/2019\/09\/robert-miernik2_wygrana.png\",\"datePublished\":\"2019-07-12T12:48:01+00:00\",\"dateModified\":\"2019-09-26T06:53:35+00:00\",\"author\":{\"@id\":\"https:\/\/wierzba.pan.pl\/#\/schema\/person\/1f6b838ae6918a6f9cb40310459c5522\"},\"breadcrumb\":{\"@id\":\"https:\/\/wierzba.pan.pl\/?p=1248#breadcrumb\"},\"inLanguage\":\"pl-PL\",\"potentialAction\":[{\"@type\":\"ReadAction\",\"target\":[\"https:\/\/wierzba.pan.pl\/?p=1248\"]}]},{\"@type\":\"ImageObject\",\"inLanguage\":\"pl-PL\",\"@id\":\"https:\/\/wierzba.pan.pl\/?p=1248#primaryimage\",\"url\":\"\",\"contentUrl\":\"\"},{\"@type\":\"BreadcrumbList\",\"@id\":\"https:\/\/wierzba.pan.pl\/?p=1248#breadcrumb\",\"itemListElement\":[{\"@type\":\"ListItem\",\"position\":1,\"name\":\"Strona g\u0142\u00f3wna\",\"item\":\"https:\/\/wierzba.pan.pl\/\"},{\"@type\":\"ListItem\",\"position\":2,\"name\":\"Wierzbia\u0144skie wakacje w obiektywie\"}]},{\"@type\":\"WebSite\",\"@id\":\"https:\/\/wierzba.pan.pl\/#website\",\"url\":\"https:\/\/wierzba.pan.pl\/\",\"name\":\"PAN Dom Pracy Tw\u00f3rczej w Wierzbie\",\"description\":\"Wypoczynek nad jeziorem, w sercu Puszczy Piskiej\",\"potentialAction\":[{\"@type\":\"SearchAction\",\"target\":{\"@type\":\"EntryPoint\",\"urlTemplate\":\"https:\/\/wierzba.pan.pl\/?s={search_term_string}\"},\"query-input\":{\"@type\":\"PropertyValueSpecification\",\"valueRequired\":true,\"valueName\":\"search_term_string\"}}],\"inLanguage\":\"pl-PL\"},{\"@type\":\"Person\",\"@id\":\"https:\/\/wierzba.pan.pl\/#\/schema\/person\/1f6b838ae6918a6f9cb40310459c5522\",\"name\":\"redaktor\",\"image\":{\"@type\":\"ImageObject\",\"inLanguage\":\"pl-PL\",\"@id\":\"https:\/\/wierzba.pan.pl\/#\/schema\/person\/image\/\",\"url\":\"https:\/\/secure.gravatar.com\/avatar\/0232598b95fe77aa5abbb0b59a0e346c7e0c29f051a631c1d7bcb4c789de7921?s=96&d=mm&r=g\",\"contentUrl\":\"https:\/\/secure.gravatar.com\/avatar\/0232598b95fe77aa5abbb0b59a0e346c7e0c29f051a631c1d7bcb4c789de7921?s=96&d=mm&r=g\",\"caption\":\"redaktor\"},\"url\":\"https:\/\/wierzba.pan.pl\/?author=2\"}]}<\/script>\n<!-- \/ Yoast SEO plugin. -->","yoast_head_json":{"title":"Wierzbia\u0144skie wakacje w obiektywie - PAN Dom Pracy Tw\u00f3rczej w Wierzbie","robots":{"index":"index","follow":"follow","max-snippet":"max-snippet:-1","max-image-preview":"max-image-preview:large","max-video-preview":"max-video-preview:-1"},"canonical":"https:\/\/wierzba.pan.pl\/?p=1248","og_locale":"pl_PL","og_type":"article","og_title":"Wierzbia\u0144skie wakacje w obiektywie - PAN Dom Pracy Tw\u00f3rczej w Wierzbie","og_description":"Wyniki konkursu fotograficznego &#8222;Wierzbia\u0144skie wakacje w obiektywie&#8221; Dzi\u0119kujemy za nades\u0142ane prace i pokazanie swoich emocji , pasji , uczu\u0107 i przyjemno\u015bci zwi\u0105zanych z odpoczynkiem w Domu Pracy Tw\u00f3rczej w Wierzbie. Fotografie s\u0105 naprawd\u0119 zr\u00f3\u017cnicowane, ka\u017cdy odpoczywa na sw\u00f3j w\u0142asny spos\u00f3b i to jest w tym wszystkim wspania\u0142e . Niezwykle trudne [&hellip;]","og_url":"https:\/\/wierzba.pan.pl\/?p=1248","og_site_name":"PAN Dom Pracy Tw\u00f3rczej w Wierzbie","article_published_time":"2019-07-12T12:48:01+00:00","article_modified_time":"2019-09-26T06:53:35+00:00","og_image":[{"width":2160,"height":1338,"url":"https:\/\/wierzba.pan.pl\/wp-content\/uploads\/2019\/07\/001.jpg","type":"image\/jpeg"}],"author":"redaktor","twitter_card":"summary_large_image","twitter_misc":{"Napisane przez":"redaktor","Szacowany czas czytania":"1 minuta"},"schema":{"@context":"https:\/\/schema.org","@graph":[{"@type":"WebPage","@id":"https:\/\/wierzba.pan.pl\/?p=1248","url":"https:\/\/wierzba.pan.pl\/?p=1248","name":"Wierzbia\u0144skie wakacje w obiektywie - PAN Dom Pracy Tw\u00f3rczej w Wierzbie","isPartOf":{"@id":"https:\/\/wierzba.pan.pl\/#website"},"primaryImageOfPage":{"@id":"https:\/\/wierzba.pan.pl\/?p=1248#primaryimage"},"image":{"@id":"https:\/\/wierzba.pan.pl\/?p=1248#primaryimage"},"thumbnailUrl":"http:\/\/wierzba.pan.pl\/wp-content\/uploads\/2019\/09\/robert-miernik2_wygrana.png","datePublished":"2019-07-12T12:48:01+00:00","dateModified":"2019-09-26T06:53:35+00:00","author":{"@id":"https:\/\/wierzba.pan.pl\/#\/schema\/person\/1f6b838ae6918a6f9cb40310459c5522"},"breadcrumb":{"@id":"https:\/\/wierzba.pan.pl\/?p=1248#breadcrumb"},"inLanguage":"pl-PL","potentialAction":[{"@type":"ReadAction","target":["https:\/\/wierzba.pan.pl\/?p=1248"]}]},{"@type":"ImageObject","inLanguage":"pl-PL","@id":"https:\/\/wierzba.pan.pl\/?p=1248#primaryimage","url":"","contentUrl":""},{"@type":"BreadcrumbList","@id":"https:\/\/wierzba.pan.pl\/?p=1248#breadcrumb","itemListElement":[{"@type":"ListItem","position":1,"name":"Strona g\u0142\u00f3wna","item":"https:\/\/wierzba.pan.pl\/"},{"@type":"ListItem","position":2,"name":"Wierzbia\u0144skie wakacje w obiektywie"}]},{"@type":"WebSite","@id":"https:\/\/wierzba.pan.pl\/#website","url":"https:\/\/wierzba.pan.pl\/","name":"PAN Dom Pracy Tw\u00f3rczej w Wierzbie","description":"Wypoczynek nad jeziorem, w sercu Puszczy Piskiej","potentialAction":[{"@type":"SearchAction","target":{"@type":"EntryPoint","urlTemplate":"https:\/\/wierzba.pan.pl\/?s={search_term_string}"},"query-input":{"@type":"PropertyValueSpecification","valueRequired":true,"valueName":"search_term_string"}}],"inLanguage":"pl-PL"},{"@type":"Person","@id":"https:\/\/wierzba.pan.pl\/#\/schema\/person\/1f6b838ae6918a6f9cb40310459c5522","name":"redaktor","image":{"@type":"ImageObject","inLanguage":"pl-PL","@id":"https:\/\/wierzba.pan.pl\/#\/schema\/person\/image\/","url":"https:\/\/secure.gravatar.com\/avatar\/0232598b95fe77aa5abbb0b59a0e346c7e0c29f051a631c1d7bcb4c789de7921?s=96&d=mm&r=g","contentUrl":"https:\/\/secure.gravatar.com\/avatar\/0232598b95fe77aa5abbb0b59a0e346c7e0c29f051a631c1d7bcb4c789de7921?s=96&d=mm&r=g","caption":"redaktor"},"url":"https:\/\/wierzba.pan.pl\/?author=2"}]}},"_links":{"self":[{"href":"https:\/\/wierzba.pan.pl\/index.php?rest_route=\/wp\/v2\/posts\/1248","targetHints":{"allow":["GET"]}}],"collection":[{"href":"https:\/\/wierzba.pan.pl\/index.php?rest_route=\/wp\/v2\/posts"}],"about":[{"href":"https:\/\/wierzba.pan.pl\/index.php?rest_route=\/wp\/v2\/types\/post"}],"author":[{"embeddable":true,"href":"https:\/\/wierzba.pan.pl\/index.php?rest_route=\/wp\/v2\/users\/2"}],"replies":[{"embeddable":true,"href":"https:\/\/wierzba.pan.pl\/index.php?rest_route=%2Fwp%2Fv2%2Fcomments&post=1248"}],"version-history":[{"count":4,"href":"https:\/\/wierzba.pan.pl\/index.php?rest_route=\/wp\/v2\/posts\/1248\/revisions"}],"predecessor-version":[{"id":1698,"href":"https:\/\/wierzba.pan.pl\/index.php?rest_route=\/wp\/v2\/posts\/1248\/revisions\/1698"}],"wp:attachment":[{"href":"https:\/\/wierzba.pan.pl\/index.php?rest_route=%2Fwp%2Fv2%2Fmedia&parent=1248"}],"wp:term":[{"taxonomy":"category","embeddable":true,"href":"https:\/\/wierzba.pan.pl\/index.php?rest_route=%2Fwp%2Fv2%2Fcategories&post=1248"},{"taxonomy":"post_tag","embeddable":true,"href":"https:\/\/wierzba.pan.pl\/index.php?rest_route=%2Fwp%2Fv2%2Ftags&post=1248"}],"curies":[{"name":"wp","href":"https:\/\/api.w.org\/{rel}","templated":true}]}}