{"id":1709,"date":"2019-10-05T07:48:30","date_gmt":"2019-10-05T06:48:30","guid":{"rendered":"http:\/\/wierzba.pan.pl\/?p=1709"},"modified":"2019-10-05T07:56:27","modified_gmt":"2019-10-05T06:56:27","slug":"historia-wierzby","status":"publish","type":"post","link":"https:\/\/wierzba.pan.pl\/?p=1709","title":{"rendered":"HISTORIA WIERZBY"},"content":{"rendered":"\n<h2 class=\"wp-block-heading\">Wierzba od 1972 r.<\/h2>\n\n\n\n<p>Zapraszamy Pa\u0144stwa serdecznie do dzielenia si\u0119 swoimi wspomnieniami zwi\u0105zanymi z wypoczynkiem w Domu Pracy Tw\u00f3rczej w Wierzbie. <\/p>\n\n\n\n<p>O\u015brodek rozpocza\u0142 swoja dzia\u0142alno\u015b\u0107 na pocz\u0105tku lat 70-tych , wi\u0119c ju\u017c niebawem b\u0119dziemy obchodzi\u0107 50-lecie jego funkcjonowania. P\u00f3\u0142 wieku to d\u0142ugi okres, wiele w ci\u0105gu tego czasu zmieni\u0142o si\u0119 nie tylko w o\u015brodku, ale tak\u017ce w otaczaj\u0105cym nas \u015bwiecie. Przeszli\u015bmy przez r\u00f3\u017cne ustroje polityczne , \u015bwiat sta\u0142 si\u0119 bardziej technologiczny i bardziej wirtualny. Ten ostatni aspekt chcemy wykorzysta\u0107 w\u0142a\u015bnie do tego, aby Nasi Go\u015bcie mogli podzieli\u0107 si\u0119 swoimi historiami , opowie\u015bciami , wspomnieniami. <\/p>\n\n\n\n<p><strong>Oto kilka opowie\u015bci pozostawionych na Facebook:<\/strong><\/p>\n\n\n\n<blockquote class=\"wp-block-quote is-layout-flow wp-block-quote-is-layout-flow\"><p>&#8222;W 1999r w domku \u017c\u00f3\u0142tym mieli\u015bmy apartament z oddzielnym wej\u015bciem po schodkach z lewej strony \ud83d\ude42 nad wej\u015bciowymi drzwiami osy zrobi\u0142y sobie  ogromne gniazdo , przyjecha\u0142a specjalna ekipa \u017ceby to ogarna\u0107 a nasz pobyt jak najbardziej si\u0119 uda\u0142,od tamtego roku je\u017adzimy do Wierzby a\u017c do dzi\u015b i tak ju\u017c zostanie \ud83d\ude42 &#8222;<\/p><p>                                                                                                                                    Maks Maks W.<\/p><cite><br><\/cite><\/blockquote>\n\n\n\n<blockquote class=\"wp-block-quote is-layout-flow wp-block-quote-is-layout-flow\"><p>&#8222;Mama przyje\u017cd\u017ca\u0142a&#8230;ja przyje\u017cd\u017cam i teraz c\u00f3rk\u0119 z mama przywo\u017c\u0119. Wspomnie\u0144 mamy z 25 lat z przerwami&#8221;<\/p><p>                                                                                                                                  Kasia Klaudia \u017b.<\/p><cite><br><\/cite><\/blockquote>\n\n\n\n<blockquote class=\"wp-block-quote is-layout-flow wp-block-quote-is-layout-flow\"><p>&#8222;A ja pami\u0119tam post\u00f3j na Be\u0142danie gdzie\u0107 w 1990 roku. Karmi\u0142am na brxegu tarpany. Ale by\u0142y natarczywe i pogoni\u0142y mnie a\u017c do \u0142\u00f3dki, zgubi\u0142am klapek &#8211; cenny z Grecji. Gra\u0142o OMD w magnetofonie na baterie, kto\u015b na\u0142owi\u0142 okonk\u00f3w i by\u0142a \u017cubr\u00f3wka. Wspominam t\u0119 kolacj\u0119 do dzi\u015b. Jachty lepsze,porty te\u017c ale i my &#8230;starsi. A w Popielnie bobry dawa\u0142y si\u0119 g\u0142aska\u0107, to se ne wrati. Ahoj&#8221;<\/p><p>                                                                                                                                      Iwona \u015a.<\/p><\/blockquote>\n\n\n\n<p>Powsta\u0142a tak\u017ce zak\u0142adka na naszej stronie z opiniami go\u015bci. Znajdziecie tam Pa\u0144stwo opinie aktualne ale i takie z 1972r, pochodz\u0105ce z kroniki. To niezwyk\u0142e, \u017ce dzi\u0119ki tym wpisom mo\u017cemy cofna\u0107 si\u0119 w czasie.  Chcemy aby\u015bcie poczuli ten klimat (g\u0142\u00f3wnie) letniego beztroskiego wypoczynku. <\/p>\n\n\n\n<p><em>Je\u015bli kto\u015b z Pa\u0144stwa chcia\u0142by wr\u00f3ci\u0107 wspomnieniami do wczas\u00f3w w Wierzbie, podzieli\u0107 si\u0119 zdjeciami lub innymi pami\u0105tkami , zapraszamy do pisania do nas droga mailowa : wierzba@wierzba.pan.pl<\/em><\/p>\n","protected":false},"excerpt":{"rendered":"<p>Wierzba od 1972 r. Zapraszamy Pa\u0144stwa serdecznie do dzielenia si\u0119 swoimi wspomnieniami zwi\u0105zanymi z wypoczynkiem w Domu Pracy Tw\u00f3rczej w Wierzbie. O\u015brodek rozpocza\u0142 swoja dzia\u0142alno\u015b\u0107 na pocz\u0105tku lat 70-tych , wi\u0119c ju\u017c niebawem b\u0119dziemy obchodzi\u0107 50-lecie jego funkcjonowania. P\u00f3\u0142 wieku to d\u0142ugi okres, wiele w ci\u0105gu tego czasu zmieni\u0142o si\u0119 [&hellip;]<\/p>\n","protected":false},"author":2,"featured_media":1710,"comment_status":"open","ping_status":"open","sticky":false,"template":"","format":"standard","meta":{"inline_featured_image":false,"footnotes":""},"categories":[4],"tags":[],"class_list":["post-1709","post","type-post","status-publish","format-standard","has-post-thumbnail","hentry","category-aktualnosci"],"yoast_head":"<!-- This site is optimized with the Yoast SEO plugin v26.6 - https:\/\/yoast.com\/wordpress\/plugins\/seo\/ -->\n<title>HISTORIA WIERZBY - PAN Dom Pracy Tw\u00f3rczej w Wierzbie<\/title>\n<meta name=\"robots\" content=\"index, follow, max-snippet:-1, max-image-preview:large, max-video-preview:-1\" \/>\n<link rel=\"canonical\" href=\"https:\/\/wierzba.pan.pl\/?p=1709\" \/>\n<meta property=\"og:locale\" content=\"pl_PL\" \/>\n<meta property=\"og:type\" content=\"article\" \/>\n<meta property=\"og:title\" content=\"HISTORIA WIERZBY - PAN Dom Pracy Tw\u00f3rczej w Wierzbie\" \/>\n<meta property=\"og:description\" content=\"Wierzba od 1972 r. Zapraszamy Pa\u0144stwa serdecznie do dzielenia si\u0119 swoimi wspomnieniami zwi\u0105zanymi z wypoczynkiem w Domu Pracy Tw\u00f3rczej w Wierzbie. O\u015brodek rozpocza\u0142 swoja dzia\u0142alno\u015b\u0107 na pocz\u0105tku lat 70-tych , wi\u0119c ju\u017c niebawem b\u0119dziemy obchodzi\u0107 50-lecie jego funkcjonowania. P\u00f3\u0142 wieku to d\u0142ugi okres, wiele w ci\u0105gu tego czasu zmieni\u0142o si\u0119 [&hellip;]\" \/>\n<meta property=\"og:url\" content=\"https:\/\/wierzba.pan.pl\/?p=1709\" \/>\n<meta property=\"og:site_name\" content=\"PAN Dom Pracy Tw\u00f3rczej w Wierzbie\" \/>\n<meta property=\"article:published_time\" content=\"2019-10-05T06:48:30+00:00\" \/>\n<meta property=\"article:modified_time\" content=\"2019-10-05T06:56:27+00:00\" \/>\n<meta property=\"og:image\" content=\"https:\/\/wierzba.pan.pl\/wp-content\/uploads\/2019\/10\/port-wierzba.jpg\" \/>\n\t<meta property=\"og:image:width\" content=\"2560\" \/>\n\t<meta property=\"og:image:height\" content=\"1920\" \/>\n\t<meta property=\"og:image:type\" content=\"image\/jpeg\" \/>\n<meta name=\"author\" content=\"redaktor\" \/>\n<meta name=\"twitter:card\" content=\"summary_large_image\" \/>\n<meta name=\"twitter:label1\" content=\"Napisane przez\" \/>\n\t<meta name=\"twitter:data1\" content=\"redaktor\" \/>\n\t<meta name=\"twitter:label2\" content=\"Szacowany czas czytania\" \/>\n\t<meta name=\"twitter:data2\" content=\"2 minuty\" \/>\n<script type=\"application\/ld+json\" class=\"yoast-schema-graph\">{\"@context\":\"https:\/\/schema.org\",\"@graph\":[{\"@type\":\"WebPage\",\"@id\":\"https:\/\/wierzba.pan.pl\/?p=1709\",\"url\":\"https:\/\/wierzba.pan.pl\/?p=1709\",\"name\":\"HISTORIA WIERZBY - PAN Dom Pracy Tw\u00f3rczej w Wierzbie\",\"isPartOf\":{\"@id\":\"https:\/\/wierzba.pan.pl\/#website\"},\"primaryImageOfPage\":{\"@id\":\"https:\/\/wierzba.pan.pl\/?p=1709#primaryimage\"},\"image\":{\"@id\":\"https:\/\/wierzba.pan.pl\/?p=1709#primaryimage\"},\"thumbnailUrl\":\"https:\/\/wierzba.pan.pl\/wp-content\/uploads\/2019\/10\/port-wierzba.jpg\",\"datePublished\":\"2019-10-05T06:48:30+00:00\",\"dateModified\":\"2019-10-05T06:56:27+00:00\",\"author\":{\"@id\":\"https:\/\/wierzba.pan.pl\/#\/schema\/person\/1f6b838ae6918a6f9cb40310459c5522\"},\"breadcrumb\":{\"@id\":\"https:\/\/wierzba.pan.pl\/?p=1709#breadcrumb\"},\"inLanguage\":\"pl-PL\",\"potentialAction\":[{\"@type\":\"ReadAction\",\"target\":[\"https:\/\/wierzba.pan.pl\/?p=1709\"]}]},{\"@type\":\"ImageObject\",\"inLanguage\":\"pl-PL\",\"@id\":\"https:\/\/wierzba.pan.pl\/?p=1709#primaryimage\",\"url\":\"https:\/\/wierzba.pan.pl\/wp-content\/uploads\/2019\/10\/port-wierzba.jpg\",\"contentUrl\":\"https:\/\/wierzba.pan.pl\/wp-content\/uploads\/2019\/10\/port-wierzba.jpg\",\"width\":2560,\"height\":1920},{\"@type\":\"BreadcrumbList\",\"@id\":\"https:\/\/wierzba.pan.pl\/?p=1709#breadcrumb\",\"itemListElement\":[{\"@type\":\"ListItem\",\"position\":1,\"name\":\"Strona g\u0142\u00f3wna\",\"item\":\"https:\/\/wierzba.pan.pl\/\"},{\"@type\":\"ListItem\",\"position\":2,\"name\":\"HISTORIA WIERZBY\"}]},{\"@type\":\"WebSite\",\"@id\":\"https:\/\/wierzba.pan.pl\/#website\",\"url\":\"https:\/\/wierzba.pan.pl\/\",\"name\":\"PAN Dom Pracy Tw\u00f3rczej w Wierzbie\",\"description\":\"Wypoczynek nad jeziorem, w sercu Puszczy Piskiej\",\"potentialAction\":[{\"@type\":\"SearchAction\",\"target\":{\"@type\":\"EntryPoint\",\"urlTemplate\":\"https:\/\/wierzba.pan.pl\/?s={search_term_string}\"},\"query-input\":{\"@type\":\"PropertyValueSpecification\",\"valueRequired\":true,\"valueName\":\"search_term_string\"}}],\"inLanguage\":\"pl-PL\"},{\"@type\":\"Person\",\"@id\":\"https:\/\/wierzba.pan.pl\/#\/schema\/person\/1f6b838ae6918a6f9cb40310459c5522\",\"name\":\"redaktor\",\"image\":{\"@type\":\"ImageObject\",\"inLanguage\":\"pl-PL\",\"@id\":\"https:\/\/wierzba.pan.pl\/#\/schema\/person\/image\/\",\"url\":\"https:\/\/secure.gravatar.com\/avatar\/0232598b95fe77aa5abbb0b59a0e346c7e0c29f051a631c1d7bcb4c789de7921?s=96&d=mm&r=g\",\"contentUrl\":\"https:\/\/secure.gravatar.com\/avatar\/0232598b95fe77aa5abbb0b59a0e346c7e0c29f051a631c1d7bcb4c789de7921?s=96&d=mm&r=g\",\"caption\":\"redaktor\"},\"url\":\"https:\/\/wierzba.pan.pl\/?author=2\"}]}<\/script>\n<!-- \/ Yoast SEO plugin. -->","yoast_head_json":{"title":"HISTORIA WIERZBY - PAN Dom Pracy Tw\u00f3rczej w Wierzbie","robots":{"index":"index","follow":"follow","max-snippet":"max-snippet:-1","max-image-preview":"max-image-preview:large","max-video-preview":"max-video-preview:-1"},"canonical":"https:\/\/wierzba.pan.pl\/?p=1709","og_locale":"pl_PL","og_type":"article","og_title":"HISTORIA WIERZBY - PAN Dom Pracy Tw\u00f3rczej w Wierzbie","og_description":"Wierzba od 1972 r. Zapraszamy Pa\u0144stwa serdecznie do dzielenia si\u0119 swoimi wspomnieniami zwi\u0105zanymi z wypoczynkiem w Domu Pracy Tw\u00f3rczej w Wierzbie. O\u015brodek rozpocza\u0142 swoja dzia\u0142alno\u015b\u0107 na pocz\u0105tku lat 70-tych , wi\u0119c ju\u017c niebawem b\u0119dziemy obchodzi\u0107 50-lecie jego funkcjonowania. P\u00f3\u0142 wieku to d\u0142ugi okres, wiele w ci\u0105gu tego czasu zmieni\u0142o si\u0119 [&hellip;]","og_url":"https:\/\/wierzba.pan.pl\/?p=1709","og_site_name":"PAN Dom Pracy Tw\u00f3rczej w Wierzbie","article_published_time":"2019-10-05T06:48:30+00:00","article_modified_time":"2019-10-05T06:56:27+00:00","og_image":[{"width":2560,"height":1920,"url":"https:\/\/wierzba.pan.pl\/wp-content\/uploads\/2019\/10\/port-wierzba.jpg","type":"image\/jpeg"}],"author":"redaktor","twitter_card":"summary_large_image","twitter_misc":{"Napisane przez":"redaktor","Szacowany czas czytania":"2 minuty"},"schema":{"@context":"https:\/\/schema.org","@graph":[{"@type":"WebPage","@id":"https:\/\/wierzba.pan.pl\/?p=1709","url":"https:\/\/wierzba.pan.pl\/?p=1709","name":"HISTORIA WIERZBY - PAN Dom Pracy Tw\u00f3rczej w Wierzbie","isPartOf":{"@id":"https:\/\/wierzba.pan.pl\/#website"},"primaryImageOfPage":{"@id":"https:\/\/wierzba.pan.pl\/?p=1709#primaryimage"},"image":{"@id":"https:\/\/wierzba.pan.pl\/?p=1709#primaryimage"},"thumbnailUrl":"https:\/\/wierzba.pan.pl\/wp-content\/uploads\/2019\/10\/port-wierzba.jpg","datePublished":"2019-10-05T06:48:30+00:00","dateModified":"2019-10-05T06:56:27+00:00","author":{"@id":"https:\/\/wierzba.pan.pl\/#\/schema\/person\/1f6b838ae6918a6f9cb40310459c5522"},"breadcrumb":{"@id":"https:\/\/wierzba.pan.pl\/?p=1709#breadcrumb"},"inLanguage":"pl-PL","potentialAction":[{"@type":"ReadAction","target":["https:\/\/wierzba.pan.pl\/?p=1709"]}]},{"@type":"ImageObject","inLanguage":"pl-PL","@id":"https:\/\/wierzba.pan.pl\/?p=1709#primaryimage","url":"https:\/\/wierzba.pan.pl\/wp-content\/uploads\/2019\/10\/port-wierzba.jpg","contentUrl":"https:\/\/wierzba.pan.pl\/wp-content\/uploads\/2019\/10\/port-wierzba.jpg","width":2560,"height":1920},{"@type":"BreadcrumbList","@id":"https:\/\/wierzba.pan.pl\/?p=1709#breadcrumb","itemListElement":[{"@type":"ListItem","position":1,"name":"Strona g\u0142\u00f3wna","item":"https:\/\/wierzba.pan.pl\/"},{"@type":"ListItem","position":2,"name":"HISTORIA WIERZBY"}]},{"@type":"WebSite","@id":"https:\/\/wierzba.pan.pl\/#website","url":"https:\/\/wierzba.pan.pl\/","name":"PAN Dom Pracy Tw\u00f3rczej w Wierzbie","description":"Wypoczynek nad jeziorem, w sercu Puszczy Piskiej","potentialAction":[{"@type":"SearchAction","target":{"@type":"EntryPoint","urlTemplate":"https:\/\/wierzba.pan.pl\/?s={search_term_string}"},"query-input":{"@type":"PropertyValueSpecification","valueRequired":true,"valueName":"search_term_string"}}],"inLanguage":"pl-PL"},{"@type":"Person","@id":"https:\/\/wierzba.pan.pl\/#\/schema\/person\/1f6b838ae6918a6f9cb40310459c5522","name":"redaktor","image":{"@type":"ImageObject","inLanguage":"pl-PL","@id":"https:\/\/wierzba.pan.pl\/#\/schema\/person\/image\/","url":"https:\/\/secure.gravatar.com\/avatar\/0232598b95fe77aa5abbb0b59a0e346c7e0c29f051a631c1d7bcb4c789de7921?s=96&d=mm&r=g","contentUrl":"https:\/\/secure.gravatar.com\/avatar\/0232598b95fe77aa5abbb0b59a0e346c7e0c29f051a631c1d7bcb4c789de7921?s=96&d=mm&r=g","caption":"redaktor"},"url":"https:\/\/wierzba.pan.pl\/?author=2"}]}},"_links":{"self":[{"href":"https:\/\/wierzba.pan.pl\/index.php?rest_route=\/wp\/v2\/posts\/1709","targetHints":{"allow":["GET"]}}],"collection":[{"href":"https:\/\/wierzba.pan.pl\/index.php?rest_route=\/wp\/v2\/posts"}],"about":[{"href":"https:\/\/wierzba.pan.pl\/index.php?rest_route=\/wp\/v2\/types\/post"}],"author":[{"embeddable":true,"href":"https:\/\/wierzba.pan.pl\/index.php?rest_route=\/wp\/v2\/users\/2"}],"replies":[{"embeddable":true,"href":"https:\/\/wierzba.pan.pl\/index.php?rest_route=%2Fwp%2Fv2%2Fcomments&post=1709"}],"version-history":[{"count":7,"href":"https:\/\/wierzba.pan.pl\/index.php?rest_route=\/wp\/v2\/posts\/1709\/revisions"}],"predecessor-version":[{"id":2146,"href":"https:\/\/wierzba.pan.pl\/index.php?rest_route=\/wp\/v2\/posts\/1709\/revisions\/2146"}],"wp:featuredmedia":[{"embeddable":true,"href":"https:\/\/wierzba.pan.pl\/index.php?rest_route=\/wp\/v2\/media\/1710"}],"wp:attachment":[{"href":"https:\/\/wierzba.pan.pl\/index.php?rest_route=%2Fwp%2Fv2%2Fmedia&parent=1709"}],"wp:term":[{"taxonomy":"category","embeddable":true,"href":"https:\/\/wierzba.pan.pl\/index.php?rest_route=%2Fwp%2Fv2%2Fcategories&post=1709"},{"taxonomy":"post_tag","embeddable":true,"href":"https:\/\/wierzba.pan.pl\/index.php?rest_route=%2Fwp%2Fv2%2Ftags&post=1709"}],"curies":[{"name":"wp","href":"https:\/\/api.w.org\/{rel}","templated":true}]}}