{"id":2169,"date":"2020-05-13T13:12:25","date_gmt":"2020-05-13T12:12:25","guid":{"rendered":"http:\/\/wierzba.pan.pl\/?p=2169"},"modified":"2021-08-06T09:08:33","modified_gmt":"2021-08-06T08:08:33","slug":"zapraszamy-do-wierzby","status":"publish","type":"post","link":"https:\/\/wierzba.pan.pl\/?p=2169","title":{"rendered":"Zapraszamy do Wierzby!"},"content":{"rendered":"\n<h3 class=\"has-text-align-center has-black-color has-text-color wp-block-heading\"><strong>Zapraszamy do Wierzby!<\/strong><\/h3>\n\n\n\n<p><strong>Szanowni Pa\u0144stwo,<\/strong><\/p>\n\n\n\n<p>Mamy przyjemno\u015b\u0107 poinformowa\u0107 Was, \u017ce nasz o\u015brodek wznowi\u0142 swoj\u0105 dzia\u0142alno\u015b\u0107.<\/p>\n\n\n\n<p>B\u0119dzie nam bardzo mi\u0142o go\u015bci\u0107 Pa\u0144stwa i do\u0142o\u017cymy wszelkich stara\u0144, aby Pa\u0144stwa pobyt by\u0142 nie tylko przyjemny, ale przede wszystkim bezpieczny, zw\u0142aszcza w obecnej sytuacji.&nbsp; &nbsp;<\/p>\n\n\n\n<p>Stosuj\u0105c si\u0119 do obowi\u0105zuj\u0105cych ogranicze\u0144 i wytycznych dotycz\u0105cych funkcjonowania takich plac\u00f3wek jak nasza, zmuszeni jeste\u015bmy wprowadzi\u0107 nowe zasady post\u0119powania, o kt\u00f3rych b\u0119dziecie Pa\u0144stwo informowani przy dokonywaniu rezerwacji.<\/p>\n\n\n\n<p>Mamy nadziej\u0119, \u017ce mimo ograniczonej dzia\u0142alno\u015bci naszego obiektu b\u0119dziecie Pa\u0144stwo zadowoleni z czasu sp\u0119dzonego w Wierzbie!<\/p>\n\n\n\n<p class=\"has-text-align-right\"><em> <\/em><\/p>\n\n\n\n<figure class=\"wp-block-image size-large\"><img decoding=\"async\" src=\"http:\/\/wierzba.pan.pl\/wp-content\/uploads\/2020\/05\/IMG_9983-3-1024x567.jpg\" alt=\"\" class=\"wp-image-2187\"\/><\/figure>\n\n\n\n<div style=\"height:43px\" aria-hidden=\"true\" class=\"wp-block-spacer\"><\/div>\n\n\n\n<p>Do Pa\u0144stwa dyspozycji oddajemy <strong>Domek Czerwony<\/strong>, budynek po\u0142o\u017cony tu\u017c nad brzegiem jeziora, oferuj\u0105cy 19 miejsc noclegowych w komfortowych dwu, trzy, czteroosobowych pokojach, a tak\u017ce apartamentach o regionalnym wystroju. Wi\u0119kszo\u015b\u0107 pokoi posiada kominki. To idealne miejsce dla os\u00f3b, kt\u00f3rym nie przeszkadza krzyk kormoran\u00f3w i melodia wygrywana na wantach. <\/p>\n\n\n\n<p>Drug\u0105 opcj\u0105, kt\u00f3r\u0105 mo\u017cemy zaoferowa\u0107 Pa\u0144stwu s\u0105 noclegi w Chatach Mazurskich. Dwie <strong>Chaty Mazurskie<\/strong>, po\u0142o\u017cone na uboczu s\u0105 \u015bwietn\u0105 alternatyw\u0105 dla os\u00f3b chc\u0105cych wypocz\u0105\u0107 w ciszy i spokoju. Oferujemy Pa\u0144stwu 10 przytulnych pokoi dwuosobowych, a tak\u017ce nasz najpopularniejszy pok\u00f3j studio &#8211; z salonem i aneksem kuchennym.<\/p>\n\n\n\n<p>Nasze keje <strong>w porcie w Wierzbie<\/strong> czekaj\u0105  na pierwszych \u017ceglarzy i motorowodniak\u00f3w. <\/p>\n\n\n\n<p>Od pi\u0105tku do niedzieli zapraszamy Was tak\u017ce do <strong>naszego grill-baru<\/strong>. W ka\u017cdy weekend oferujemy inne danie dnia oraz sta\u0142e menu na czele z grillowanymi kie\u0142baskami i kaszank\u0105, a tak\u017ce bardzo uwielbian\u0105 przez nas wszystkich pizz\u0105 z pieca opalanego drewnem. Tutaj mo\u017cemy uchyli\u0107 Wam r\u0105bka tajemnicy: nasza pizza jest jeszcze lepsza ni\u017c dotychczas! Dlaczego? Odwied\u017acie nas i przekonajcie si\u0119 sami!<\/p>\n\n\n\n<p>W weekend otwarty jest te\u017c <strong>sklep &#8222;Wyblinka&#8221;<\/strong> w porcie. Mo\u017cecie kupi\u0107 u nas zar\u00f3wno pieczywo, w\u0119dliny, nabia\u0142, artyku\u0142y spo\u017cywcze, przemys\u0142owe, lody, s\u0142odycze, a tak\u017ce napoje; te dla tych naszych m\u0142odszych jak i starszych klient\u00f3w \ud83d\ude42 <\/p>\n\n\n\n<p>&nbsp;Po wi\u0119cej aktualno\u015bci zapraszamy na naszego facebook&#8217;a i instagrama:<br><a href=\"http:\/\/www.facebook.com\/znanemiejsce\">http:\/\/www.facebook.com\/znanemiejsce<\/a><br><a href=\"https:\/\/www.instagram.com\/dom_pracy_tworczej_wierzba\/\">https:\/\/www.instagram.com\/dom_pracy_tworczej_wierzba\/<\/a><\/p>\n\n\n\n<p><br><\/p>\n","protected":false},"excerpt":{"rendered":"<p>Otwarcie O\u015brodka!<\/p>\n","protected":false},"author":2,"featured_media":0,"comment_status":"open","ping_status":"open","sticky":false,"template":"","format":"standard","meta":{"inline_featured_image":false,"footnotes":""},"categories":[4],"tags":[76],"class_list":["post-2169","post","type-post","status-publish","format-standard","hentry","category-aktualnosci","tag-aktualnosci-wierzba-hotel-port-grill-bar-sklep"],"yoast_head":"<!-- This site is optimized with the Yoast SEO plugin v26.6 - https:\/\/yoast.com\/wordpress\/plugins\/seo\/ -->\n<title>Zapraszamy do Wierzby! - PAN Dom Pracy Tw\u00f3rczej w Wierzbie<\/title>\n<meta name=\"robots\" content=\"index, follow, max-snippet:-1, max-image-preview:large, max-video-preview:-1\" \/>\n<link rel=\"canonical\" href=\"https:\/\/wierzba.pan.pl\/?p=2169\" \/>\n<meta property=\"og:locale\" content=\"pl_PL\" \/>\n<meta property=\"og:type\" content=\"article\" \/>\n<meta property=\"og:title\" content=\"Zapraszamy do Wierzby! - PAN Dom Pracy Tw\u00f3rczej w Wierzbie\" \/>\n<meta property=\"og:description\" content=\"Otwarcie O\u015brodka!\" \/>\n<meta property=\"og:url\" content=\"https:\/\/wierzba.pan.pl\/?p=2169\" \/>\n<meta property=\"og:site_name\" content=\"PAN Dom Pracy Tw\u00f3rczej w Wierzbie\" \/>\n<meta property=\"article:published_time\" content=\"2020-05-13T12:12:25+00:00\" \/>\n<meta property=\"article:modified_time\" content=\"2021-08-06T08:08:33+00:00\" \/>\n<meta property=\"og:image\" content=\"https:\/\/wierzba.pan.pl\/wp-content\/uploads\/2021\/03\/IMG_1347-scaled.jpg\" \/>\n\t<meta property=\"og:image:width\" content=\"2560\" \/>\n\t<meta property=\"og:image:height\" content=\"1585\" \/>\n\t<meta property=\"og:image:type\" content=\"image\/jpeg\" \/>\n<meta name=\"author\" content=\"redaktor\" \/>\n<meta name=\"twitter:card\" content=\"summary_large_image\" \/>\n<meta name=\"twitter:label1\" content=\"Napisane przez\" \/>\n\t<meta name=\"twitter:data1\" content=\"redaktor\" \/>\n\t<meta name=\"twitter:label2\" content=\"Szacowany czas czytania\" \/>\n\t<meta name=\"twitter:data2\" content=\"2 minuty\" \/>\n<script type=\"application\/ld+json\" class=\"yoast-schema-graph\">{\"@context\":\"https:\/\/schema.org\",\"@graph\":[{\"@type\":\"WebPage\",\"@id\":\"https:\/\/wierzba.pan.pl\/?p=2169\",\"url\":\"https:\/\/wierzba.pan.pl\/?p=2169\",\"name\":\"Zapraszamy do Wierzby! - PAN Dom Pracy Tw\u00f3rczej w Wierzbie\",\"isPartOf\":{\"@id\":\"https:\/\/wierzba.pan.pl\/#website\"},\"primaryImageOfPage\":{\"@id\":\"https:\/\/wierzba.pan.pl\/?p=2169#primaryimage\"},\"image\":{\"@id\":\"https:\/\/wierzba.pan.pl\/?p=2169#primaryimage\"},\"thumbnailUrl\":\"http:\/\/wierzba.pan.pl\/wp-content\/uploads\/2020\/05\/IMG_9983-3-1024x567.jpg\",\"datePublished\":\"2020-05-13T12:12:25+00:00\",\"dateModified\":\"2021-08-06T08:08:33+00:00\",\"author\":{\"@id\":\"https:\/\/wierzba.pan.pl\/#\/schema\/person\/1f6b838ae6918a6f9cb40310459c5522\"},\"breadcrumb\":{\"@id\":\"https:\/\/wierzba.pan.pl\/?p=2169#breadcrumb\"},\"inLanguage\":\"pl-PL\",\"potentialAction\":[{\"@type\":\"ReadAction\",\"target\":[\"https:\/\/wierzba.pan.pl\/?p=2169\"]}]},{\"@type\":\"ImageObject\",\"inLanguage\":\"pl-PL\",\"@id\":\"https:\/\/wierzba.pan.pl\/?p=2169#primaryimage\",\"url\":\"\",\"contentUrl\":\"\"},{\"@type\":\"BreadcrumbList\",\"@id\":\"https:\/\/wierzba.pan.pl\/?p=2169#breadcrumb\",\"itemListElement\":[{\"@type\":\"ListItem\",\"position\":1,\"name\":\"Strona g\u0142\u00f3wna\",\"item\":\"https:\/\/wierzba.pan.pl\/\"},{\"@type\":\"ListItem\",\"position\":2,\"name\":\"Zapraszamy do Wierzby!\"}]},{\"@type\":\"WebSite\",\"@id\":\"https:\/\/wierzba.pan.pl\/#website\",\"url\":\"https:\/\/wierzba.pan.pl\/\",\"name\":\"PAN Dom Pracy Tw\u00f3rczej w Wierzbie\",\"description\":\"Wypoczynek nad jeziorem, w sercu Puszczy Piskiej\",\"potentialAction\":[{\"@type\":\"SearchAction\",\"target\":{\"@type\":\"EntryPoint\",\"urlTemplate\":\"https:\/\/wierzba.pan.pl\/?s={search_term_string}\"},\"query-input\":{\"@type\":\"PropertyValueSpecification\",\"valueRequired\":true,\"valueName\":\"search_term_string\"}}],\"inLanguage\":\"pl-PL\"},{\"@type\":\"Person\",\"@id\":\"https:\/\/wierzba.pan.pl\/#\/schema\/person\/1f6b838ae6918a6f9cb40310459c5522\",\"name\":\"redaktor\",\"image\":{\"@type\":\"ImageObject\",\"inLanguage\":\"pl-PL\",\"@id\":\"https:\/\/wierzba.pan.pl\/#\/schema\/person\/image\/\",\"url\":\"https:\/\/secure.gravatar.com\/avatar\/0232598b95fe77aa5abbb0b59a0e346c7e0c29f051a631c1d7bcb4c789de7921?s=96&d=mm&r=g\",\"contentUrl\":\"https:\/\/secure.gravatar.com\/avatar\/0232598b95fe77aa5abbb0b59a0e346c7e0c29f051a631c1d7bcb4c789de7921?s=96&d=mm&r=g\",\"caption\":\"redaktor\"},\"url\":\"https:\/\/wierzba.pan.pl\/?author=2\"}]}<\/script>\n<!-- \/ Yoast SEO plugin. -->","yoast_head_json":{"title":"Zapraszamy do Wierzby! - PAN Dom Pracy Tw\u00f3rczej w Wierzbie","robots":{"index":"index","follow":"follow","max-snippet":"max-snippet:-1","max-image-preview":"max-image-preview:large","max-video-preview":"max-video-preview:-1"},"canonical":"https:\/\/wierzba.pan.pl\/?p=2169","og_locale":"pl_PL","og_type":"article","og_title":"Zapraszamy do Wierzby! - PAN Dom Pracy Tw\u00f3rczej w Wierzbie","og_description":"Otwarcie O\u015brodka!","og_url":"https:\/\/wierzba.pan.pl\/?p=2169","og_site_name":"PAN Dom Pracy Tw\u00f3rczej w Wierzbie","article_published_time":"2020-05-13T12:12:25+00:00","article_modified_time":"2021-08-06T08:08:33+00:00","og_image":[{"width":2560,"height":1585,"url":"https:\/\/wierzba.pan.pl\/wp-content\/uploads\/2021\/03\/IMG_1347-scaled.jpg","type":"image\/jpeg"}],"author":"redaktor","twitter_card":"summary_large_image","twitter_misc":{"Napisane przez":"redaktor","Szacowany czas czytania":"2 minuty"},"schema":{"@context":"https:\/\/schema.org","@graph":[{"@type":"WebPage","@id":"https:\/\/wierzba.pan.pl\/?p=2169","url":"https:\/\/wierzba.pan.pl\/?p=2169","name":"Zapraszamy do Wierzby! - PAN Dom Pracy Tw\u00f3rczej w Wierzbie","isPartOf":{"@id":"https:\/\/wierzba.pan.pl\/#website"},"primaryImageOfPage":{"@id":"https:\/\/wierzba.pan.pl\/?p=2169#primaryimage"},"image":{"@id":"https:\/\/wierzba.pan.pl\/?p=2169#primaryimage"},"thumbnailUrl":"http:\/\/wierzba.pan.pl\/wp-content\/uploads\/2020\/05\/IMG_9983-3-1024x567.jpg","datePublished":"2020-05-13T12:12:25+00:00","dateModified":"2021-08-06T08:08:33+00:00","author":{"@id":"https:\/\/wierzba.pan.pl\/#\/schema\/person\/1f6b838ae6918a6f9cb40310459c5522"},"breadcrumb":{"@id":"https:\/\/wierzba.pan.pl\/?p=2169#breadcrumb"},"inLanguage":"pl-PL","potentialAction":[{"@type":"ReadAction","target":["https:\/\/wierzba.pan.pl\/?p=2169"]}]},{"@type":"ImageObject","inLanguage":"pl-PL","@id":"https:\/\/wierzba.pan.pl\/?p=2169#primaryimage","url":"","contentUrl":""},{"@type":"BreadcrumbList","@id":"https:\/\/wierzba.pan.pl\/?p=2169#breadcrumb","itemListElement":[{"@type":"ListItem","position":1,"name":"Strona g\u0142\u00f3wna","item":"https:\/\/wierzba.pan.pl\/"},{"@type":"ListItem","position":2,"name":"Zapraszamy do Wierzby!"}]},{"@type":"WebSite","@id":"https:\/\/wierzba.pan.pl\/#website","url":"https:\/\/wierzba.pan.pl\/","name":"PAN Dom Pracy Tw\u00f3rczej w Wierzbie","description":"Wypoczynek nad jeziorem, w sercu Puszczy Piskiej","potentialAction":[{"@type":"SearchAction","target":{"@type":"EntryPoint","urlTemplate":"https:\/\/wierzba.pan.pl\/?s={search_term_string}"},"query-input":{"@type":"PropertyValueSpecification","valueRequired":true,"valueName":"search_term_string"}}],"inLanguage":"pl-PL"},{"@type":"Person","@id":"https:\/\/wierzba.pan.pl\/#\/schema\/person\/1f6b838ae6918a6f9cb40310459c5522","name":"redaktor","image":{"@type":"ImageObject","inLanguage":"pl-PL","@id":"https:\/\/wierzba.pan.pl\/#\/schema\/person\/image\/","url":"https:\/\/secure.gravatar.com\/avatar\/0232598b95fe77aa5abbb0b59a0e346c7e0c29f051a631c1d7bcb4c789de7921?s=96&d=mm&r=g","contentUrl":"https:\/\/secure.gravatar.com\/avatar\/0232598b95fe77aa5abbb0b59a0e346c7e0c29f051a631c1d7bcb4c789de7921?s=96&d=mm&r=g","caption":"redaktor"},"url":"https:\/\/wierzba.pan.pl\/?author=2"}]}},"_links":{"self":[{"href":"https:\/\/wierzba.pan.pl\/index.php?rest_route=\/wp\/v2\/posts\/2169","targetHints":{"allow":["GET"]}}],"collection":[{"href":"https:\/\/wierzba.pan.pl\/index.php?rest_route=\/wp\/v2\/posts"}],"about":[{"href":"https:\/\/wierzba.pan.pl\/index.php?rest_route=\/wp\/v2\/types\/post"}],"author":[{"embeddable":true,"href":"https:\/\/wierzba.pan.pl\/index.php?rest_route=\/wp\/v2\/users\/2"}],"replies":[{"embeddable":true,"href":"https:\/\/wierzba.pan.pl\/index.php?rest_route=%2Fwp%2Fv2%2Fcomments&post=2169"}],"version-history":[{"count":6,"href":"https:\/\/wierzba.pan.pl\/index.php?rest_route=\/wp\/v2\/posts\/2169\/revisions"}],"predecessor-version":[{"id":2878,"href":"https:\/\/wierzba.pan.pl\/index.php?rest_route=\/wp\/v2\/posts\/2169\/revisions\/2878"}],"wp:attachment":[{"href":"https:\/\/wierzba.pan.pl\/index.php?rest_route=%2Fwp%2Fv2%2Fmedia&parent=2169"}],"wp:term":[{"taxonomy":"category","embeddable":true,"href":"https:\/\/wierzba.pan.pl\/index.php?rest_route=%2Fwp%2Fv2%2Fcategories&post=2169"},{"taxonomy":"post_tag","embeddable":true,"href":"https:\/\/wierzba.pan.pl\/index.php?rest_route=%2Fwp%2Fv2%2Ftags&post=2169"}],"curies":[{"name":"wp","href":"https:\/\/api.w.org\/{rel}","templated":true}]}}